{"id":2132,"date":"2023-09-01T13:19:19","date_gmt":"2023-09-01T10:19:19","guid":{"rendered":"https:\/\/espoonmerenkulkijat.net\/?p=2132"},"modified":"2023-12-21T19:37:42","modified_gmt":"2023-12-21T17:37:42","slug":"eskaaderi-lahteelaan-lauantaina-23-9-2023","status":"publish","type":"post","link":"https:\/\/espoonmerenkulkijat.net\/index.php\/2023\/09\/01\/eskaaderi-lahteelaan-lauantaina-23-9-2023\/","title":{"rendered":"Eskaaderi L\u00e4hteel\u00e4\u00e4n lauantaina 23.9.2023"},"content":{"rendered":"\n<p>Espoon Merenkulkijoiden vuotuinen eskaaderi suuntaa t\u00e4ll\u00e4 kertaa L\u00e4hteel\u00e4\u00e4n, Porkkalaan. Luvassa on j\u00e4lleen saunomista upeissa merimaisemissa sek\u00e4 sy\u00f6t\u00e4v\u00e4\u00e4 ja virvokkeita ja tietysti mukavaa yhdess\u00e4oloa. <\/p>\n\n\n\n<p><strong>Ilmoittautumiset sunnuntaihin 17.9.23 klo 23:00 menness\u00e4<\/strong> <a href=\"https:\/\/forms.gle\/5oGgrXnRNKgppF4g9\">t\u00e4ll\u00e4<\/a><strong> lomakkeella.<\/strong> Voit toki my\u00f6s ilmoittautua mukaan ottamalla yhteyden suoraan Markus P\u00e4til\u00e4\u00e4n, jos lomakkeen t\u00e4ytt\u00e4minen tuottaa ongelmia.&nbsp;<\/p>\n\n\n\n<p>Ilmoittautuminen on eritt\u00e4in t\u00e4rke\u00e4\u00e4, jotta saamme varattua sopivasti vieraspaikkoja veneille sek\u00e4 varattua riitt\u00e4v\u00e4sti provianttia. T\u00e4ss\u00e4 viel\u00e4 linkki ilmoittautumiseen <a href=\"https:\/\/forms.gle\/cnwuVVdVKTaRJGuB6\">https:\/\/forms.gle\/cnwuVVdVKTaRJGuB6<\/a><\/p>\n\n\n\n<p><\/p>\n\n\n\n<p class=\"has-medium-font-size\">Alustava ohjelma p\u00e4iv\u00e4lle<\/p>\n\n\n\n<p><\/p>\n\n\n\n<p><strong>Lauantaina 23.9. klo 15:00 menness\u00e4 saapuminen omatoimisesti L\u00e4hteel\u00e4\u00e4n.<\/strong><\/p>\n\n\n\n<p>o&nbsp;&nbsp;&nbsp;Veneet poijupaikoille, venepaikkaan sis\u00e4ltyy maas\u00e4hk\u00f6.<\/p>\n\n\n\n<p>&nbsp; &nbsp; &nbsp;&#x25aa;&nbsp;<em>Mahdolliset kylkipaikat yms. osallistujien itse maksettavaksi<\/em><\/p>\n\n\n\n<p>o&nbsp;&nbsp;&nbsp;Espoon Merenkulkijat maksaa satamamaksun yhdelt\u00e4 y\u00f6lt\u00e4 (pl. kylkipaikat yms.).<\/p>\n\n\n\n<p>&nbsp; &nbsp; &nbsp; &#x25aa;&nbsp;<em>Jos saavut jo perjantaina niin maksa ensimm\u00e4inen y\u00f6 itse.<\/em><\/p>\n\n\n\n<p>o&nbsp;&nbsp;&nbsp;Venepaikkoja varataan tarvittava m\u00e4\u00e4r\u00e4 ennakkoilmoittautumisen perusteella, venepaikat k\u00e4yt\u00f6ss\u00e4mme y\u00f6n yli.<\/p>\n\n\n\n<p>o&nbsp;&nbsp;&nbsp;HUOM! Paikalle p\u00e4\u00e4see my\u00f6s ilman venett\u00e4 teit\u00e4 pitkin. Ilmoittautuminen vaaditaan silti.<\/p>\n\n\n\n<p><\/p>\n\n\n\n<p><\/p>\n\n\n\n<p><strong>Klo 16:30 alkaen mukavaa yhdess\u00e4oloa ja merellist\u00e4 tarinointia L\u00e4hteel\u00e4n puul\u00e4mmitteisell\u00e4 rantasaunalla, saunomista ja virvokkeiden nauttimista.<\/strong><\/p>\n\n\n\n<p>o&nbsp;&nbsp;&nbsp;Sauna varattu meille klo 16:30 \u2013 19:30<\/p>\n\n\n\n<p>o&nbsp;&nbsp;&nbsp;Saunalla iso terassi p\u00f6ytineen, sateensuojaa ei juurikaan ole, joten hyv\u00e4 s\u00e4\u00e4 tilattu.<\/p>\n\n\n\n<p>o&nbsp;&nbsp;&nbsp;Espoon Merenkulkijat tarjoaa osallistujille pient\u00e4 sy\u00f6t\u00e4v\u00e4\u00e4 ja virvokkeita. Saunomisen ohella. Toiveet ja erityisruokavaliot pyydet\u00e4\u00e4n ilmoittamaan ilmoittautumisen yhteydess\u00e4.<\/p>\n\n\n\n<p><\/p>\n\n\n\n<p><\/p>\n\n\n\n<p><strong>Klo 19:30 j\u00e4lkeen, kun on sy\u00f6ty ja saunottu siirrymme sataman l\u00e4heisyyteen tulille grillipaikalle nauttimaan pimenev\u00e4st\u00e4 illasta ja upeasta seurasta. Omat ev\u00e4\u00e4t mukaan!<\/strong><\/p>\n","protected":false},"excerpt":{"rendered":"<p>Espoon Merenkulkijoiden vuotuinen eskaaderi suuntaa t\u00e4ll\u00e4 kertaa L\u00e4hteel\u00e4\u00e4n, Porkkalaan. Luvassa on j\u00e4lleen saunomista upeissa merimaisemissa sek\u00e4 sy\u00f6t\u00e4v\u00e4\u00e4 ja virvokkeita ja tietysti mukavaa yhdess\u00e4oloa. Ilmoittautumiset sunnuntaihin 17.9.23 klo 23:00 menness\u00e4 t\u00e4ll\u00e4 [&hellip;]<\/p>\n","protected":false},"author":2,"featured_media":2138,"comment_status":"closed","ping_status":"open","sticky":false,"template":"","format":"aside","meta":{"site-sidebar-layout":"default","site-content-layout":"","ast-site-content-layout":"default","site-content-style":"default","site-sidebar-style":"default","ast-global-header-display":"","ast-banner-title-visibility":"","ast-main-header-display":"","ast-hfb-above-header-display":"","ast-hfb-below-header-display":"","ast-hfb-mobile-header-display":"","site-post-title":"","ast-breadcrumbs-content":"","ast-featured-img":"","footer-sml-layout":"","ast-disable-related-posts":"","theme-transparent-header-meta":"","adv-header-id-meta":"","stick-header-meta":"","header-above-stick-meta":"","header-main-stick-meta":"","header-below-stick-meta":"","astra-migrate-meta-layouts":"set","ast-page-background-enabled":"default","ast-page-background-meta":{"desktop":{"background-color":"","background-image":"","background-repeat":"repeat","background-position":"center center","background-size":"auto","background-attachment":"scroll","background-type":"","background-media":"","overlay-type":"","overlay-color":"","overlay-opacity":"","overlay-gradient":""},"tablet":{"background-color":"","background-image":"","background-repeat":"repeat","background-position":"center center","background-size":"auto","background-attachment":"scroll","background-type":"","background-media":"","overlay-type":"","overlay-color":"","overlay-opacity":"","overlay-gradient":""},"mobile":{"background-color":"","background-image":"","background-repeat":"repeat","background-position":"center center","background-size":"auto","background-attachment":"scroll","background-type":"","background-media":"","overlay-type":"","overlay-color":"","overlay-opacity":"","overlay-gradient":""}},"ast-content-background-meta":{"desktop":{"background-color":"var(--ast-global-color-5)","background-image":"","background-repeat":"repeat","background-position":"center center","background-size":"auto","background-attachment":"scroll","background-type":"","background-media":"","overlay-type":"","overlay-color":"","overlay-opacity":"","overlay-gradient":""},"tablet":{"background-color":"var(--ast-global-color-5)","background-image":"","background-repeat":"repeat","background-position":"center center","background-size":"auto","background-attachment":"scroll","background-type":"","background-media":"","overlay-type":"","overlay-color":"","overlay-opacity":"","overlay-gradient":""},"mobile":{"background-color":"var(--ast-global-color-5)","background-image":"","background-repeat":"repeat","background-position":"center center","background-size":"auto","background-attachment":"scroll","background-type":"","background-media":"","overlay-type":"","overlay-color":"","overlay-opacity":"","overlay-gradient":""}},"footnotes":""},"categories":[18],"tags":[12,30,29],"class_list":["post-2132","post","type-post","status-publish","format-aside","has-post-thumbnail","hentry","category-tapahtumat","tag-eskaaderi","tag-lahteela","tag-syysretki","post_format-post-format-aside"],"yoast_head":"<!-- This site is optimized with the Yoast SEO plugin v27.3 - https:\/\/yoast.com\/product\/yoast-seo-wordpress\/ -->\n<title>Eskaaderi L\u00e4hteel\u00e4\u00e4n lauantaina 23.9.2023 - Espoon Merenkulkijat ry<\/title>\n<meta name=\"robots\" content=\"index, follow, max-snippet:-1, max-image-preview:large, max-video-preview:-1\" \/>\n<link rel=\"canonical\" href=\"https:\/\/espoonmerenkulkijat.net\/index.php\/2023\/09\/01\/eskaaderi-lahteelaan-lauantaina-23-9-2023\/\" \/>\n<meta property=\"og:locale\" content=\"fi_FI\" \/>\n<meta property=\"og:type\" content=\"article\" \/>\n<meta property=\"og:title\" content=\"Eskaaderi L\u00e4hteel\u00e4\u00e4n lauantaina 23.9.2023 - Espoon Merenkulkijat ry\" \/>\n<meta property=\"og:description\" content=\"Espoon Merenkulkijoiden vuotuinen eskaaderi suuntaa t\u00e4ll\u00e4 kertaa L\u00e4hteel\u00e4\u00e4n, Porkkalaan. Luvassa on j\u00e4lleen saunomista upeissa merimaisemissa sek\u00e4 sy\u00f6t\u00e4v\u00e4\u00e4 ja virvokkeita ja tietysti mukavaa yhdess\u00e4oloa. Ilmoittautumiset sunnuntaihin 17.9.23 klo 23:00 menness\u00e4 t\u00e4ll\u00e4 [&hellip;]\" \/>\n<meta property=\"og:url\" content=\"https:\/\/espoonmerenkulkijat.net\/index.php\/2023\/09\/01\/eskaaderi-lahteelaan-lauantaina-23-9-2023\/\" \/>\n<meta property=\"og:site_name\" content=\"Espoon Merenkulkijat ry\" \/>\n<meta property=\"article:published_time\" content=\"2023-09-01T10:19:19+00:00\" \/>\n<meta property=\"article:modified_time\" content=\"2023-12-21T17:37:42+00:00\" \/>\n<meta property=\"og:image\" content=\"https:\/\/espoonmerenkulkijat.net\/wp-content\/uploads\/2023\/09\/Screenshot-2023-08-30-at-14.07.39-1024x442.png\" \/>\n\t<meta property=\"og:image:width\" content=\"1024\" \/>\n\t<meta property=\"og:image:height\" content=\"442\" \/>\n\t<meta property=\"og:image:type\" content=\"image\/png\" \/>\n<meta name=\"author\" content=\"Markus\" \/>\n<meta name=\"twitter:card\" content=\"summary_large_image\" \/>\n<meta name=\"twitter:label1\" content=\"Kirjoittanut\" \/>\n\t<meta name=\"twitter:data1\" content=\"Markus\" \/>\n\t<meta name=\"twitter:label2\" content=\"Arvioitu lukuaika\" \/>\n\t<meta name=\"twitter:data2\" content=\"2 minuuttia\" \/>\n<script type=\"application\/ld+json\" class=\"yoast-schema-graph\">{\"@context\":\"https:\\\/\\\/schema.org\",\"@graph\":[{\"@type\":\"Article\",\"@id\":\"https:\\\/\\\/espoonmerenkulkijat.net\\\/index.php\\\/2023\\\/09\\\/01\\\/eskaaderi-lahteelaan-lauantaina-23-9-2023\\\/#article\",\"isPartOf\":{\"@id\":\"https:\\\/\\\/espoonmerenkulkijat.net\\\/index.php\\\/2023\\\/09\\\/01\\\/eskaaderi-lahteelaan-lauantaina-23-9-2023\\\/\"},\"author\":{\"name\":\"Markus\",\"@id\":\"https:\\\/\\\/espoonmerenkulkijat.net\\\/#\\\/schema\\\/person\\\/1aacfb1abd0b24b45236f7aefe9323e7\"},\"headline\":\"Eskaaderi L\u00e4hteel\u00e4\u00e4n lauantaina 23.9.2023\",\"datePublished\":\"2023-09-01T10:19:19+00:00\",\"dateModified\":\"2023-12-21T17:37:42+00:00\",\"mainEntityOfPage\":{\"@id\":\"https:\\\/\\\/espoonmerenkulkijat.net\\\/index.php\\\/2023\\\/09\\\/01\\\/eskaaderi-lahteelaan-lauantaina-23-9-2023\\\/\"},\"wordCount\":285,\"publisher\":{\"@id\":\"https:\\\/\\\/espoonmerenkulkijat.net\\\/#organization\"},\"image\":{\"@id\":\"https:\\\/\\\/espoonmerenkulkijat.net\\\/index.php\\\/2023\\\/09\\\/01\\\/eskaaderi-lahteelaan-lauantaina-23-9-2023\\\/#primaryimage\"},\"thumbnailUrl\":\"https:\\\/\\\/espoonmerenkulkijat.net\\\/wp-content\\\/uploads\\\/2023\\\/09\\\/Screenshot-2023-08-30-at-14.07.39.png\",\"keywords\":[\"eskaaderi\",\"l\u00e4hteel\u00e4\",\"syysretki\"],\"articleSection\":[\"Tapahtumat\"],\"inLanguage\":\"fi\"},{\"@type\":\"WebPage\",\"@id\":\"https:\\\/\\\/espoonmerenkulkijat.net\\\/index.php\\\/2023\\\/09\\\/01\\\/eskaaderi-lahteelaan-lauantaina-23-9-2023\\\/\",\"url\":\"https:\\\/\\\/espoonmerenkulkijat.net\\\/index.php\\\/2023\\\/09\\\/01\\\/eskaaderi-lahteelaan-lauantaina-23-9-2023\\\/\",\"name\":\"Eskaaderi L\u00e4hteel\u00e4\u00e4n lauantaina 23.9.2023 - Espoon Merenkulkijat ry\",\"isPartOf\":{\"@id\":\"https:\\\/\\\/espoonmerenkulkijat.net\\\/#website\"},\"primaryImageOfPage\":{\"@id\":\"https:\\\/\\\/espoonmerenkulkijat.net\\\/index.php\\\/2023\\\/09\\\/01\\\/eskaaderi-lahteelaan-lauantaina-23-9-2023\\\/#primaryimage\"},\"image\":{\"@id\":\"https:\\\/\\\/espoonmerenkulkijat.net\\\/index.php\\\/2023\\\/09\\\/01\\\/eskaaderi-lahteelaan-lauantaina-23-9-2023\\\/#primaryimage\"},\"thumbnailUrl\":\"https:\\\/\\\/espoonmerenkulkijat.net\\\/wp-content\\\/uploads\\\/2023\\\/09\\\/Screenshot-2023-08-30-at-14.07.39.png\",\"datePublished\":\"2023-09-01T10:19:19+00:00\",\"dateModified\":\"2023-12-21T17:37:42+00:00\",\"breadcrumb\":{\"@id\":\"https:\\\/\\\/espoonmerenkulkijat.net\\\/index.php\\\/2023\\\/09\\\/01\\\/eskaaderi-lahteelaan-lauantaina-23-9-2023\\\/#breadcrumb\"},\"inLanguage\":\"fi\",\"potentialAction\":[{\"@type\":\"ReadAction\",\"target\":[\"https:\\\/\\\/espoonmerenkulkijat.net\\\/index.php\\\/2023\\\/09\\\/01\\\/eskaaderi-lahteelaan-lauantaina-23-9-2023\\\/\"]}]},{\"@type\":\"ImageObject\",\"inLanguage\":\"fi\",\"@id\":\"https:\\\/\\\/espoonmerenkulkijat.net\\\/index.php\\\/2023\\\/09\\\/01\\\/eskaaderi-lahteelaan-lauantaina-23-9-2023\\\/#primaryimage\",\"url\":\"https:\\\/\\\/espoonmerenkulkijat.net\\\/wp-content\\\/uploads\\\/2023\\\/09\\\/Screenshot-2023-08-30-at-14.07.39.png\",\"contentUrl\":\"https:\\\/\\\/espoonmerenkulkijat.net\\\/wp-content\\\/uploads\\\/2023\\\/09\\\/Screenshot-2023-08-30-at-14.07.39.png\",\"width\":2912,\"height\":1258,\"caption\":\"L\u00e4hteel\u00e4n vierasvenesatama\"},{\"@type\":\"BreadcrumbList\",\"@id\":\"https:\\\/\\\/espoonmerenkulkijat.net\\\/index.php\\\/2023\\\/09\\\/01\\\/eskaaderi-lahteelaan-lauantaina-23-9-2023\\\/#breadcrumb\",\"itemListElement\":[{\"@type\":\"ListItem\",\"position\":1,\"name\":\"Etusivu\",\"item\":\"https:\\\/\\\/espoonmerenkulkijat.net\\\/\"},{\"@type\":\"ListItem\",\"position\":2,\"name\":\"Eskaaderi L\u00e4hteel\u00e4\u00e4n lauantaina 23.9.2023\"}]},{\"@type\":\"WebSite\",\"@id\":\"https:\\\/\\\/espoonmerenkulkijat.net\\\/#website\",\"url\":\"https:\\\/\\\/espoonmerenkulkijat.net\\\/\",\"name\":\"Espoon Merenkulkijat ry\",\"description\":\"\",\"publisher\":{\"@id\":\"https:\\\/\\\/espoonmerenkulkijat.net\\\/#organization\"},\"potentialAction\":[{\"@type\":\"SearchAction\",\"target\":{\"@type\":\"EntryPoint\",\"urlTemplate\":\"https:\\\/\\\/espoonmerenkulkijat.net\\\/?s={search_term_string}\"},\"query-input\":{\"@type\":\"PropertyValueSpecification\",\"valueRequired\":true,\"valueName\":\"search_term_string\"}}],\"inLanguage\":\"fi\"},{\"@type\":\"Organization\",\"@id\":\"https:\\\/\\\/espoonmerenkulkijat.net\\\/#organization\",\"name\":\"Espoon Merenkulkijat ry\",\"url\":\"https:\\\/\\\/espoonmerenkulkijat.net\\\/\",\"logo\":{\"@type\":\"ImageObject\",\"inLanguage\":\"fi\",\"@id\":\"https:\\\/\\\/espoonmerenkulkijat.net\\\/#\\\/schema\\\/logo\\\/image\\\/\",\"url\":\"https:\\\/\\\/espoonmerenkulkijat.net\\\/wp-content\\\/uploads\\\/2023\\\/01\\\/cropped-EM_50_juhlalogo_320x320.png\",\"contentUrl\":\"https:\\\/\\\/espoonmerenkulkijat.net\\\/wp-content\\\/uploads\\\/2023\\\/01\\\/cropped-EM_50_juhlalogo_320x320.png\",\"width\":320,\"height\":320,\"caption\":\"Espoon Merenkulkijat ry\"},\"image\":{\"@id\":\"https:\\\/\\\/espoonmerenkulkijat.net\\\/#\\\/schema\\\/logo\\\/image\\\/\"}},{\"@type\":\"Person\",\"@id\":\"https:\\\/\\\/espoonmerenkulkijat.net\\\/#\\\/schema\\\/person\\\/1aacfb1abd0b24b45236f7aefe9323e7\",\"name\":\"Markus\",\"image\":{\"@type\":\"ImageObject\",\"inLanguage\":\"fi\",\"@id\":\"https:\\\/\\\/secure.gravatar.com\\\/avatar\\\/4549745d6748e362e4d64ed67b56e096debe57da94e6cc580e07af325972769d?s=96&d=mm&r=g\",\"url\":\"https:\\\/\\\/secure.gravatar.com\\\/avatar\\\/4549745d6748e362e4d64ed67b56e096debe57da94e6cc580e07af325972769d?s=96&d=mm&r=g\",\"contentUrl\":\"https:\\\/\\\/secure.gravatar.com\\\/avatar\\\/4549745d6748e362e4d64ed67b56e096debe57da94e6cc580e07af325972769d?s=96&d=mm&r=g\",\"caption\":\"Markus\"},\"url\":\"https:\\\/\\\/espoonmerenkulkijat.net\\\/index.php\\\/author\\\/markus\\\/\"}]}<\/script>\n<!-- \/ Yoast SEO plugin. -->","yoast_head_json":{"title":"Eskaaderi L\u00e4hteel\u00e4\u00e4n lauantaina 23.9.2023 - Espoon Merenkulkijat ry","robots":{"index":"index","follow":"follow","max-snippet":"max-snippet:-1","max-image-preview":"max-image-preview:large","max-video-preview":"max-video-preview:-1"},"canonical":"https:\/\/espoonmerenkulkijat.net\/index.php\/2023\/09\/01\/eskaaderi-lahteelaan-lauantaina-23-9-2023\/","og_locale":"fi_FI","og_type":"article","og_title":"Eskaaderi L\u00e4hteel\u00e4\u00e4n lauantaina 23.9.2023 - Espoon Merenkulkijat ry","og_description":"Espoon Merenkulkijoiden vuotuinen eskaaderi suuntaa t\u00e4ll\u00e4 kertaa L\u00e4hteel\u00e4\u00e4n, Porkkalaan. Luvassa on j\u00e4lleen saunomista upeissa merimaisemissa sek\u00e4 sy\u00f6t\u00e4v\u00e4\u00e4 ja virvokkeita ja tietysti mukavaa yhdess\u00e4oloa. Ilmoittautumiset sunnuntaihin 17.9.23 klo 23:00 menness\u00e4 t\u00e4ll\u00e4 [&hellip;]","og_url":"https:\/\/espoonmerenkulkijat.net\/index.php\/2023\/09\/01\/eskaaderi-lahteelaan-lauantaina-23-9-2023\/","og_site_name":"Espoon Merenkulkijat ry","article_published_time":"2023-09-01T10:19:19+00:00","article_modified_time":"2023-12-21T17:37:42+00:00","og_image":[{"width":1024,"height":442,"url":"https:\/\/espoonmerenkulkijat.net\/wp-content\/uploads\/2023\/09\/Screenshot-2023-08-30-at-14.07.39-1024x442.png","type":"image\/png"}],"author":"Markus","twitter_card":"summary_large_image","twitter_misc":{"Kirjoittanut":"Markus","Arvioitu lukuaika":"2 minuuttia"},"schema":{"@context":"https:\/\/schema.org","@graph":[{"@type":"Article","@id":"https:\/\/espoonmerenkulkijat.net\/index.php\/2023\/09\/01\/eskaaderi-lahteelaan-lauantaina-23-9-2023\/#article","isPartOf":{"@id":"https:\/\/espoonmerenkulkijat.net\/index.php\/2023\/09\/01\/eskaaderi-lahteelaan-lauantaina-23-9-2023\/"},"author":{"name":"Markus","@id":"https:\/\/espoonmerenkulkijat.net\/#\/schema\/person\/1aacfb1abd0b24b45236f7aefe9323e7"},"headline":"Eskaaderi L\u00e4hteel\u00e4\u00e4n lauantaina 23.9.2023","datePublished":"2023-09-01T10:19:19+00:00","dateModified":"2023-12-21T17:37:42+00:00","mainEntityOfPage":{"@id":"https:\/\/espoonmerenkulkijat.net\/index.php\/2023\/09\/01\/eskaaderi-lahteelaan-lauantaina-23-9-2023\/"},"wordCount":285,"publisher":{"@id":"https:\/\/espoonmerenkulkijat.net\/#organization"},"image":{"@id":"https:\/\/espoonmerenkulkijat.net\/index.php\/2023\/09\/01\/eskaaderi-lahteelaan-lauantaina-23-9-2023\/#primaryimage"},"thumbnailUrl":"https:\/\/espoonmerenkulkijat.net\/wp-content\/uploads\/2023\/09\/Screenshot-2023-08-30-at-14.07.39.png","keywords":["eskaaderi","l\u00e4hteel\u00e4","syysretki"],"articleSection":["Tapahtumat"],"inLanguage":"fi"},{"@type":"WebPage","@id":"https:\/\/espoonmerenkulkijat.net\/index.php\/2023\/09\/01\/eskaaderi-lahteelaan-lauantaina-23-9-2023\/","url":"https:\/\/espoonmerenkulkijat.net\/index.php\/2023\/09\/01\/eskaaderi-lahteelaan-lauantaina-23-9-2023\/","name":"Eskaaderi L\u00e4hteel\u00e4\u00e4n lauantaina 23.9.2023 - Espoon Merenkulkijat ry","isPartOf":{"@id":"https:\/\/espoonmerenkulkijat.net\/#website"},"primaryImageOfPage":{"@id":"https:\/\/espoonmerenkulkijat.net\/index.php\/2023\/09\/01\/eskaaderi-lahteelaan-lauantaina-23-9-2023\/#primaryimage"},"image":{"@id":"https:\/\/espoonmerenkulkijat.net\/index.php\/2023\/09\/01\/eskaaderi-lahteelaan-lauantaina-23-9-2023\/#primaryimage"},"thumbnailUrl":"https:\/\/espoonmerenkulkijat.net\/wp-content\/uploads\/2023\/09\/Screenshot-2023-08-30-at-14.07.39.png","datePublished":"2023-09-01T10:19:19+00:00","dateModified":"2023-12-21T17:37:42+00:00","breadcrumb":{"@id":"https:\/\/espoonmerenkulkijat.net\/index.php\/2023\/09\/01\/eskaaderi-lahteelaan-lauantaina-23-9-2023\/#breadcrumb"},"inLanguage":"fi","potentialAction":[{"@type":"ReadAction","target":["https:\/\/espoonmerenkulkijat.net\/index.php\/2023\/09\/01\/eskaaderi-lahteelaan-lauantaina-23-9-2023\/"]}]},{"@type":"ImageObject","inLanguage":"fi","@id":"https:\/\/espoonmerenkulkijat.net\/index.php\/2023\/09\/01\/eskaaderi-lahteelaan-lauantaina-23-9-2023\/#primaryimage","url":"https:\/\/espoonmerenkulkijat.net\/wp-content\/uploads\/2023\/09\/Screenshot-2023-08-30-at-14.07.39.png","contentUrl":"https:\/\/espoonmerenkulkijat.net\/wp-content\/uploads\/2023\/09\/Screenshot-2023-08-30-at-14.07.39.png","width":2912,"height":1258,"caption":"L\u00e4hteel\u00e4n vierasvenesatama"},{"@type":"BreadcrumbList","@id":"https:\/\/espoonmerenkulkijat.net\/index.php\/2023\/09\/01\/eskaaderi-lahteelaan-lauantaina-23-9-2023\/#breadcrumb","itemListElement":[{"@type":"ListItem","position":1,"name":"Etusivu","item":"https:\/\/espoonmerenkulkijat.net\/"},{"@type":"ListItem","position":2,"name":"Eskaaderi L\u00e4hteel\u00e4\u00e4n lauantaina 23.9.2023"}]},{"@type":"WebSite","@id":"https:\/\/espoonmerenkulkijat.net\/#website","url":"https:\/\/espoonmerenkulkijat.net\/","name":"Espoon Merenkulkijat ry","description":"","publisher":{"@id":"https:\/\/espoonmerenkulkijat.net\/#organization"},"potentialAction":[{"@type":"SearchAction","target":{"@type":"EntryPoint","urlTemplate":"https:\/\/espoonmerenkulkijat.net\/?s={search_term_string}"},"query-input":{"@type":"PropertyValueSpecification","valueRequired":true,"valueName":"search_term_string"}}],"inLanguage":"fi"},{"@type":"Organization","@id":"https:\/\/espoonmerenkulkijat.net\/#organization","name":"Espoon Merenkulkijat ry","url":"https:\/\/espoonmerenkulkijat.net\/","logo":{"@type":"ImageObject","inLanguage":"fi","@id":"https:\/\/espoonmerenkulkijat.net\/#\/schema\/logo\/image\/","url":"https:\/\/espoonmerenkulkijat.net\/wp-content\/uploads\/2023\/01\/cropped-EM_50_juhlalogo_320x320.png","contentUrl":"https:\/\/espoonmerenkulkijat.net\/wp-content\/uploads\/2023\/01\/cropped-EM_50_juhlalogo_320x320.png","width":320,"height":320,"caption":"Espoon Merenkulkijat ry"},"image":{"@id":"https:\/\/espoonmerenkulkijat.net\/#\/schema\/logo\/image\/"}},{"@type":"Person","@id":"https:\/\/espoonmerenkulkijat.net\/#\/schema\/person\/1aacfb1abd0b24b45236f7aefe9323e7","name":"Markus","image":{"@type":"ImageObject","inLanguage":"fi","@id":"https:\/\/secure.gravatar.com\/avatar\/4549745d6748e362e4d64ed67b56e096debe57da94e6cc580e07af325972769d?s=96&d=mm&r=g","url":"https:\/\/secure.gravatar.com\/avatar\/4549745d6748e362e4d64ed67b56e096debe57da94e6cc580e07af325972769d?s=96&d=mm&r=g","contentUrl":"https:\/\/secure.gravatar.com\/avatar\/4549745d6748e362e4d64ed67b56e096debe57da94e6cc580e07af325972769d?s=96&d=mm&r=g","caption":"Markus"},"url":"https:\/\/espoonmerenkulkijat.net\/index.php\/author\/markus\/"}]}},"_links":{"self":[{"href":"https:\/\/espoonmerenkulkijat.net\/index.php\/wp-json\/wp\/v2\/posts\/2132","targetHints":{"allow":["GET"]}}],"collection":[{"href":"https:\/\/espoonmerenkulkijat.net\/index.php\/wp-json\/wp\/v2\/posts"}],"about":[{"href":"https:\/\/espoonmerenkulkijat.net\/index.php\/wp-json\/wp\/v2\/types\/post"}],"author":[{"embeddable":true,"href":"https:\/\/espoonmerenkulkijat.net\/index.php\/wp-json\/wp\/v2\/users\/2"}],"replies":[{"embeddable":true,"href":"https:\/\/espoonmerenkulkijat.net\/index.php\/wp-json\/wp\/v2\/comments?post=2132"}],"version-history":[{"count":8,"href":"https:\/\/espoonmerenkulkijat.net\/index.php\/wp-json\/wp\/v2\/posts\/2132\/revisions"}],"predecessor-version":[{"id":2149,"href":"https:\/\/espoonmerenkulkijat.net\/index.php\/wp-json\/wp\/v2\/posts\/2132\/revisions\/2149"}],"wp:featuredmedia":[{"embeddable":true,"href":"https:\/\/espoonmerenkulkijat.net\/index.php\/wp-json\/wp\/v2\/media\/2138"}],"wp:attachment":[{"href":"https:\/\/espoonmerenkulkijat.net\/index.php\/wp-json\/wp\/v2\/media?parent=2132"}],"wp:term":[{"taxonomy":"category","embeddable":true,"href":"https:\/\/espoonmerenkulkijat.net\/index.php\/wp-json\/wp\/v2\/categories?post=2132"},{"taxonomy":"post_tag","embeddable":true,"href":"https:\/\/espoonmerenkulkijat.net\/index.php\/wp-json\/wp\/v2\/tags?post=2132"}],"curies":[{"name":"wp","href":"https:\/\/api.w.org\/{rel}","templated":true}]}}