{"id":2220,"date":"2023-10-08T10:14:49","date_gmt":"2023-10-08T07:14:49","guid":{"rendered":"https:\/\/espoonmerenkulkijat.net\/?p=2220"},"modified":"2023-10-09T19:29:18","modified_gmt":"2023-10-09T16:29:18","slug":"50-vuotisjuhla-18-11","status":"publish","type":"post","link":"https:\/\/espoonmerenkulkijat.net\/index.php\/2023\/10\/08\/50-vuotisjuhla-18-11\/","title":{"rendered":"50-vuotisjuhla 18.11."},"content":{"rendered":"\n<p>Tervetuloa mukaan seuramme juhlavuoden kohokohtaan!<\/p>\n\n\n\n<p>Juhlimme 18.11. alkaen klo 18. Kutsumme mukaan j\u00e4senet aveceineen. Illalliskortin hinta on 49 \u20ac. Se sis\u00e4lt\u00e4\u00e4 ruoan ja ruokajuomat. Juhlapaikka on<a href=\"https:\/\/maps.app.goo.gl\/XfsxwJQfUrdqit1c8\" target=\"_blank\" rel=\"noreferrer noopener\"> Juurideli  Keilaranta 9, 02150 Espoo<\/a>. Lis\u00e4tietoja ilmoittautumisesta on l\u00e4hetetty j\u00e4senille s\u00e4hk\u00f6postilla, sek\u00e4 kerrottu seuran Facebook-ryhm\u00e4ss\u00e4.<\/p>\n\n\n\n<p>Menu:<\/p>\n\n\n\n<p>Alkuruoka<br>Lohicheviche ja kurkku-avokadosalsa (L,G,M) keitetyt perunat (L,G)<br>Syksyinen paahdettu kikherne-kasvis salaatti (L,G,Ve)<br>Vihersalaatti (L,G,Ve) salaattikastikkeet (L,G)<br>Gluteeniton focaccio leip\u00e4 (L,G) vaahdotettu voi (L,G)<\/p>\n\n\n\n<p>P\u00e4\u00e4ruoka<br>Grillattu naudan ulkofile ja rosmariini-mustaherukkakastike (L,G) Porkkana-perunapyree (L,G)<br>Paistettua talon tuoretofua ja tuoreita kasviksia (L,G,Ve) jasmiinin riisi (L,G)<\/p>\n\n\n\n<p>J\u00e4lkiruoka<br>Mutakakku gluteeniton + vihre\u00e4teej\u00e4\u00e4tel\u00f6 (L,G)<br>Kahvi ja tee<\/p>\n\n\n\n<p>Illan ohjelmassa muistelemme seuran historiaa, palkitsemme ansioituneita henkil\u00f6it\u00e4, ja tietysti seuran pikkujouluihin liittyv\u00e4t perinteet kuten vuoden matkaveneilij\u00e4palkinnon jako.<\/p>\n\n\n\n<p>Asu puku\/smart casual<\/p>\n\n\n\n<p><a href=\"https:\/\/docs.google.com\/forms\/d\/e\/1FAIpQLSfFGYaye5f16MUCtqmXmCs7NjQ3Vmpo1TQwe6zCGmB3jGQ0rQ\/viewform\">Ilmoittautumislinkki<\/a><\/p>\n","protected":false},"excerpt":{"rendered":"<p>Tervetuloa mukaan seuramme juhlavuoden kohokohtaan! Juhlimme 18.11. alkaen klo 18. Kutsumme mukaan j\u00e4senet aveceineen. Illalliskortin hinta on 49 \u20ac. Se sis\u00e4lt\u00e4\u00e4 ruoan ja ruokajuomat. Juhlapaikka on Juurideli Keilaranta 9, 02150 [&hellip;]<\/p>\n","protected":false},"author":3,"featured_media":2221,"comment_status":"closed","ping_status":"open","sticky":false,"template":"","format":"standard","meta":{"site-sidebar-layout":"default","site-content-layout":"","ast-site-content-layout":"default","site-content-style":"default","site-sidebar-style":"default","ast-global-header-display":"","ast-banner-title-visibility":"","ast-main-header-display":"","ast-hfb-above-header-display":"","ast-hfb-below-header-display":"","ast-hfb-mobile-header-display":"","site-post-title":"","ast-breadcrumbs-content":"","ast-featured-img":"","footer-sml-layout":"","ast-disable-related-posts":"","theme-transparent-header-meta":"","adv-header-id-meta":"","stick-header-meta":"","header-above-stick-meta":"","header-main-stick-meta":"","header-below-stick-meta":"","astra-migrate-meta-layouts":"set","ast-page-background-enabled":"default","ast-page-background-meta":{"desktop":{"background-color":"","background-image":"","background-repeat":"repeat","background-position":"center center","background-size":"auto","background-attachment":"scroll","background-type":"","background-media":"","overlay-type":"","overlay-color":"","overlay-opacity":"","overlay-gradient":""},"tablet":{"background-color":"","background-image":"","background-repeat":"repeat","background-position":"center center","background-size":"auto","background-attachment":"scroll","background-type":"","background-media":"","overlay-type":"","overlay-color":"","overlay-opacity":"","overlay-gradient":""},"mobile":{"background-color":"","background-image":"","background-repeat":"repeat","background-position":"center center","background-size":"auto","background-attachment":"scroll","background-type":"","background-media":"","overlay-type":"","overlay-color":"","overlay-opacity":"","overlay-gradient":""}},"ast-content-background-meta":{"desktop":{"background-color":"var(--ast-global-color-5)","background-image":"","background-repeat":"repeat","background-position":"center center","background-size":"auto","background-attachment":"scroll","background-type":"","background-media":"","overlay-type":"","overlay-color":"","overlay-opacity":"","overlay-gradient":""},"tablet":{"background-color":"var(--ast-global-color-5)","background-image":"","background-repeat":"repeat","background-position":"center center","background-size":"auto","background-attachment":"scroll","background-type":"","background-media":"","overlay-type":"","overlay-color":"","overlay-opacity":"","overlay-gradient":""},"mobile":{"background-color":"var(--ast-global-color-5)","background-image":"","background-repeat":"repeat","background-position":"center center","background-size":"auto","background-attachment":"scroll","background-type":"","background-media":"","overlay-type":"","overlay-color":"","overlay-opacity":"","overlay-gradient":""}},"footnotes":""},"categories":[18],"tags":[],"class_list":["post-2220","post","type-post","status-publish","format-standard","has-post-thumbnail","hentry","category-tapahtumat"],"yoast_head":"<!-- This site is optimized with the Yoast SEO plugin v27.3 - https:\/\/yoast.com\/product\/yoast-seo-wordpress\/ -->\n<title>50-vuotisjuhla 18.11. - Espoon Merenkulkijat ry<\/title>\n<meta name=\"description\" content=\"Espoon Merenkulkijat 50 vuotta, jota juhlimme yhdess\u00e4 j\u00e4seniemme kanssa marraskuussa Keilarannassa. Terveuloa j\u00e4senet ja avecit!\" \/>\n<meta name=\"robots\" content=\"index, follow, max-snippet:-1, max-image-preview:large, max-video-preview:-1\" \/>\n<link rel=\"canonical\" href=\"https:\/\/espoonmerenkulkijat.net\/index.php\/2023\/10\/08\/50-vuotisjuhla-18-11\/\" \/>\n<meta property=\"og:locale\" content=\"fi_FI\" \/>\n<meta property=\"og:type\" content=\"article\" \/>\n<meta property=\"og:title\" content=\"50-vuotisjuhla 18.11. - Espoon Merenkulkijat ry\" \/>\n<meta property=\"og:description\" content=\"Espoon Merenkulkijat 50 vuotta, jota juhlimme yhdess\u00e4 j\u00e4seniemme kanssa marraskuussa Keilarannassa. Terveuloa j\u00e4senet ja avecit!\" \/>\n<meta property=\"og:url\" content=\"https:\/\/espoonmerenkulkijat.net\/index.php\/2023\/10\/08\/50-vuotisjuhla-18-11\/\" \/>\n<meta property=\"og:site_name\" content=\"Espoon Merenkulkijat ry\" \/>\n<meta property=\"article:published_time\" content=\"2023-10-08T07:14:49+00:00\" \/>\n<meta property=\"article:modified_time\" content=\"2023-10-09T16:29:18+00:00\" \/>\n<meta property=\"og:image\" content=\"https:\/\/espoonmerenkulkijat.net\/wp-content\/uploads\/2023\/10\/EM-juhlakutsu.png\" \/>\n\t<meta property=\"og:image:width\" content=\"794\" \/>\n\t<meta property=\"og:image:height\" content=\"1123\" \/>\n\t<meta property=\"og:image:type\" content=\"image\/png\" \/>\n<meta name=\"author\" content=\"Anna-Mari Laitila\" \/>\n<meta name=\"twitter:card\" content=\"summary_large_image\" \/>\n<meta name=\"twitter:label1\" content=\"Kirjoittanut\" \/>\n\t<meta name=\"twitter:data1\" content=\"Anna-Mari Laitila\" \/>\n\t<meta name=\"twitter:label2\" content=\"Arvioitu lukuaika\" \/>\n\t<meta name=\"twitter:data2\" content=\"1 minuutti\" \/>\n<script type=\"application\/ld+json\" class=\"yoast-schema-graph\">{\"@context\":\"https:\\\/\\\/schema.org\",\"@graph\":[{\"@type\":\"Article\",\"@id\":\"https:\\\/\\\/espoonmerenkulkijat.net\\\/index.php\\\/2023\\\/10\\\/08\\\/50-vuotisjuhla-18-11\\\/#article\",\"isPartOf\":{\"@id\":\"https:\\\/\\\/espoonmerenkulkijat.net\\\/index.php\\\/2023\\\/10\\\/08\\\/50-vuotisjuhla-18-11\\\/\"},\"author\":{\"name\":\"Anna-Mari Laitila\",\"@id\":\"https:\\\/\\\/espoonmerenkulkijat.net\\\/#\\\/schema\\\/person\\\/835e7139a3fb934a9f66e7712054ff7b\"},\"headline\":\"50-vuotisjuhla 18.11.\",\"datePublished\":\"2023-10-08T07:14:49+00:00\",\"dateModified\":\"2023-10-09T16:29:18+00:00\",\"mainEntityOfPage\":{\"@id\":\"https:\\\/\\\/espoonmerenkulkijat.net\\\/index.php\\\/2023\\\/10\\\/08\\\/50-vuotisjuhla-18-11\\\/\"},\"wordCount\":139,\"publisher\":{\"@id\":\"https:\\\/\\\/espoonmerenkulkijat.net\\\/#organization\"},\"image\":{\"@id\":\"https:\\\/\\\/espoonmerenkulkijat.net\\\/index.php\\\/2023\\\/10\\\/08\\\/50-vuotisjuhla-18-11\\\/#primaryimage\"},\"thumbnailUrl\":\"https:\\\/\\\/espoonmerenkulkijat.net\\\/wp-content\\\/uploads\\\/2023\\\/10\\\/EM-juhlakutsu.png\",\"articleSection\":[\"Tapahtumat\"],\"inLanguage\":\"fi\"},{\"@type\":\"WebPage\",\"@id\":\"https:\\\/\\\/espoonmerenkulkijat.net\\\/index.php\\\/2023\\\/10\\\/08\\\/50-vuotisjuhla-18-11\\\/\",\"url\":\"https:\\\/\\\/espoonmerenkulkijat.net\\\/index.php\\\/2023\\\/10\\\/08\\\/50-vuotisjuhla-18-11\\\/\",\"name\":\"50-vuotisjuhla 18.11. - Espoon Merenkulkijat ry\",\"isPartOf\":{\"@id\":\"https:\\\/\\\/espoonmerenkulkijat.net\\\/#website\"},\"primaryImageOfPage\":{\"@id\":\"https:\\\/\\\/espoonmerenkulkijat.net\\\/index.php\\\/2023\\\/10\\\/08\\\/50-vuotisjuhla-18-11\\\/#primaryimage\"},\"image\":{\"@id\":\"https:\\\/\\\/espoonmerenkulkijat.net\\\/index.php\\\/2023\\\/10\\\/08\\\/50-vuotisjuhla-18-11\\\/#primaryimage\"},\"thumbnailUrl\":\"https:\\\/\\\/espoonmerenkulkijat.net\\\/wp-content\\\/uploads\\\/2023\\\/10\\\/EM-juhlakutsu.png\",\"datePublished\":\"2023-10-08T07:14:49+00:00\",\"dateModified\":\"2023-10-09T16:29:18+00:00\",\"description\":\"Espoon Merenkulkijat 50 vuotta, jota juhlimme yhdess\u00e4 j\u00e4seniemme kanssa marraskuussa Keilarannassa. Terveuloa j\u00e4senet ja avecit!\",\"breadcrumb\":{\"@id\":\"https:\\\/\\\/espoonmerenkulkijat.net\\\/index.php\\\/2023\\\/10\\\/08\\\/50-vuotisjuhla-18-11\\\/#breadcrumb\"},\"inLanguage\":\"fi\",\"potentialAction\":[{\"@type\":\"ReadAction\",\"target\":[\"https:\\\/\\\/espoonmerenkulkijat.net\\\/index.php\\\/2023\\\/10\\\/08\\\/50-vuotisjuhla-18-11\\\/\"]}]},{\"@type\":\"ImageObject\",\"inLanguage\":\"fi\",\"@id\":\"https:\\\/\\\/espoonmerenkulkijat.net\\\/index.php\\\/2023\\\/10\\\/08\\\/50-vuotisjuhla-18-11\\\/#primaryimage\",\"url\":\"https:\\\/\\\/espoonmerenkulkijat.net\\\/wp-content\\\/uploads\\\/2023\\\/10\\\/EM-juhlakutsu.png\",\"contentUrl\":\"https:\\\/\\\/espoonmerenkulkijat.net\\\/wp-content\\\/uploads\\\/2023\\\/10\\\/EM-juhlakutsu.png\",\"width\":794,\"height\":1123},{\"@type\":\"BreadcrumbList\",\"@id\":\"https:\\\/\\\/espoonmerenkulkijat.net\\\/index.php\\\/2023\\\/10\\\/08\\\/50-vuotisjuhla-18-11\\\/#breadcrumb\",\"itemListElement\":[{\"@type\":\"ListItem\",\"position\":1,\"name\":\"Etusivu\",\"item\":\"https:\\\/\\\/espoonmerenkulkijat.net\\\/\"},{\"@type\":\"ListItem\",\"position\":2,\"name\":\"50-vuotisjuhla 18.11.\"}]},{\"@type\":\"WebSite\",\"@id\":\"https:\\\/\\\/espoonmerenkulkijat.net\\\/#website\",\"url\":\"https:\\\/\\\/espoonmerenkulkijat.net\\\/\",\"name\":\"Espoon Merenkulkijat ry\",\"description\":\"\",\"publisher\":{\"@id\":\"https:\\\/\\\/espoonmerenkulkijat.net\\\/#organization\"},\"potentialAction\":[{\"@type\":\"SearchAction\",\"target\":{\"@type\":\"EntryPoint\",\"urlTemplate\":\"https:\\\/\\\/espoonmerenkulkijat.net\\\/?s={search_term_string}\"},\"query-input\":{\"@type\":\"PropertyValueSpecification\",\"valueRequired\":true,\"valueName\":\"search_term_string\"}}],\"inLanguage\":\"fi\"},{\"@type\":\"Organization\",\"@id\":\"https:\\\/\\\/espoonmerenkulkijat.net\\\/#organization\",\"name\":\"Espoon Merenkulkijat ry\",\"url\":\"https:\\\/\\\/espoonmerenkulkijat.net\\\/\",\"logo\":{\"@type\":\"ImageObject\",\"inLanguage\":\"fi\",\"@id\":\"https:\\\/\\\/espoonmerenkulkijat.net\\\/#\\\/schema\\\/logo\\\/image\\\/\",\"url\":\"https:\\\/\\\/espoonmerenkulkijat.net\\\/wp-content\\\/uploads\\\/2023\\\/01\\\/cropped-EM_50_juhlalogo_320x320.png\",\"contentUrl\":\"https:\\\/\\\/espoonmerenkulkijat.net\\\/wp-content\\\/uploads\\\/2023\\\/01\\\/cropped-EM_50_juhlalogo_320x320.png\",\"width\":320,\"height\":320,\"caption\":\"Espoon Merenkulkijat ry\"},\"image\":{\"@id\":\"https:\\\/\\\/espoonmerenkulkijat.net\\\/#\\\/schema\\\/logo\\\/image\\\/\"}},{\"@type\":\"Person\",\"@id\":\"https:\\\/\\\/espoonmerenkulkijat.net\\\/#\\\/schema\\\/person\\\/835e7139a3fb934a9f66e7712054ff7b\",\"name\":\"Anna-Mari Laitila\",\"image\":{\"@type\":\"ImageObject\",\"inLanguage\":\"fi\",\"@id\":\"https:\\\/\\\/secure.gravatar.com\\\/avatar\\\/8a16f7a3b283d4d8615ee0857461577e0fd9e6b94b97fa1dd948f2b23c73a396?s=96&d=mm&r=g\",\"url\":\"https:\\\/\\\/secure.gravatar.com\\\/avatar\\\/8a16f7a3b283d4d8615ee0857461577e0fd9e6b94b97fa1dd948f2b23c73a396?s=96&d=mm&r=g\",\"contentUrl\":\"https:\\\/\\\/secure.gravatar.com\\\/avatar\\\/8a16f7a3b283d4d8615ee0857461577e0fd9e6b94b97fa1dd948f2b23c73a396?s=96&d=mm&r=g\",\"caption\":\"Anna-Mari Laitila\"},\"url\":\"https:\\\/\\\/espoonmerenkulkijat.net\\\/index.php\\\/author\\\/mari\\\/\"}]}<\/script>\n<!-- \/ Yoast SEO plugin. -->","yoast_head_json":{"title":"50-vuotisjuhla 18.11. - Espoon Merenkulkijat ry","description":"Espoon Merenkulkijat 50 vuotta, jota juhlimme yhdess\u00e4 j\u00e4seniemme kanssa marraskuussa Keilarannassa. Terveuloa j\u00e4senet ja avecit!","robots":{"index":"index","follow":"follow","max-snippet":"max-snippet:-1","max-image-preview":"max-image-preview:large","max-video-preview":"max-video-preview:-1"},"canonical":"https:\/\/espoonmerenkulkijat.net\/index.php\/2023\/10\/08\/50-vuotisjuhla-18-11\/","og_locale":"fi_FI","og_type":"article","og_title":"50-vuotisjuhla 18.11. - Espoon Merenkulkijat ry","og_description":"Espoon Merenkulkijat 50 vuotta, jota juhlimme yhdess\u00e4 j\u00e4seniemme kanssa marraskuussa Keilarannassa. Terveuloa j\u00e4senet ja avecit!","og_url":"https:\/\/espoonmerenkulkijat.net\/index.php\/2023\/10\/08\/50-vuotisjuhla-18-11\/","og_site_name":"Espoon Merenkulkijat ry","article_published_time":"2023-10-08T07:14:49+00:00","article_modified_time":"2023-10-09T16:29:18+00:00","og_image":[{"width":794,"height":1123,"url":"https:\/\/espoonmerenkulkijat.net\/wp-content\/uploads\/2023\/10\/EM-juhlakutsu.png","type":"image\/png"}],"author":"Anna-Mari Laitila","twitter_card":"summary_large_image","twitter_misc":{"Kirjoittanut":"Anna-Mari Laitila","Arvioitu lukuaika":"1 minuutti"},"schema":{"@context":"https:\/\/schema.org","@graph":[{"@type":"Article","@id":"https:\/\/espoonmerenkulkijat.net\/index.php\/2023\/10\/08\/50-vuotisjuhla-18-11\/#article","isPartOf":{"@id":"https:\/\/espoonmerenkulkijat.net\/index.php\/2023\/10\/08\/50-vuotisjuhla-18-11\/"},"author":{"name":"Anna-Mari Laitila","@id":"https:\/\/espoonmerenkulkijat.net\/#\/schema\/person\/835e7139a3fb934a9f66e7712054ff7b"},"headline":"50-vuotisjuhla 18.11.","datePublished":"2023-10-08T07:14:49+00:00","dateModified":"2023-10-09T16:29:18+00:00","mainEntityOfPage":{"@id":"https:\/\/espoonmerenkulkijat.net\/index.php\/2023\/10\/08\/50-vuotisjuhla-18-11\/"},"wordCount":139,"publisher":{"@id":"https:\/\/espoonmerenkulkijat.net\/#organization"},"image":{"@id":"https:\/\/espoonmerenkulkijat.net\/index.php\/2023\/10\/08\/50-vuotisjuhla-18-11\/#primaryimage"},"thumbnailUrl":"https:\/\/espoonmerenkulkijat.net\/wp-content\/uploads\/2023\/10\/EM-juhlakutsu.png","articleSection":["Tapahtumat"],"inLanguage":"fi"},{"@type":"WebPage","@id":"https:\/\/espoonmerenkulkijat.net\/index.php\/2023\/10\/08\/50-vuotisjuhla-18-11\/","url":"https:\/\/espoonmerenkulkijat.net\/index.php\/2023\/10\/08\/50-vuotisjuhla-18-11\/","name":"50-vuotisjuhla 18.11. - Espoon Merenkulkijat ry","isPartOf":{"@id":"https:\/\/espoonmerenkulkijat.net\/#website"},"primaryImageOfPage":{"@id":"https:\/\/espoonmerenkulkijat.net\/index.php\/2023\/10\/08\/50-vuotisjuhla-18-11\/#primaryimage"},"image":{"@id":"https:\/\/espoonmerenkulkijat.net\/index.php\/2023\/10\/08\/50-vuotisjuhla-18-11\/#primaryimage"},"thumbnailUrl":"https:\/\/espoonmerenkulkijat.net\/wp-content\/uploads\/2023\/10\/EM-juhlakutsu.png","datePublished":"2023-10-08T07:14:49+00:00","dateModified":"2023-10-09T16:29:18+00:00","description":"Espoon Merenkulkijat 50 vuotta, jota juhlimme yhdess\u00e4 j\u00e4seniemme kanssa marraskuussa Keilarannassa. Terveuloa j\u00e4senet ja avecit!","breadcrumb":{"@id":"https:\/\/espoonmerenkulkijat.net\/index.php\/2023\/10\/08\/50-vuotisjuhla-18-11\/#breadcrumb"},"inLanguage":"fi","potentialAction":[{"@type":"ReadAction","target":["https:\/\/espoonmerenkulkijat.net\/index.php\/2023\/10\/08\/50-vuotisjuhla-18-11\/"]}]},{"@type":"ImageObject","inLanguage":"fi","@id":"https:\/\/espoonmerenkulkijat.net\/index.php\/2023\/10\/08\/50-vuotisjuhla-18-11\/#primaryimage","url":"https:\/\/espoonmerenkulkijat.net\/wp-content\/uploads\/2023\/10\/EM-juhlakutsu.png","contentUrl":"https:\/\/espoonmerenkulkijat.net\/wp-content\/uploads\/2023\/10\/EM-juhlakutsu.png","width":794,"height":1123},{"@type":"BreadcrumbList","@id":"https:\/\/espoonmerenkulkijat.net\/index.php\/2023\/10\/08\/50-vuotisjuhla-18-11\/#breadcrumb","itemListElement":[{"@type":"ListItem","position":1,"name":"Etusivu","item":"https:\/\/espoonmerenkulkijat.net\/"},{"@type":"ListItem","position":2,"name":"50-vuotisjuhla 18.11."}]},{"@type":"WebSite","@id":"https:\/\/espoonmerenkulkijat.net\/#website","url":"https:\/\/espoonmerenkulkijat.net\/","name":"Espoon Merenkulkijat ry","description":"","publisher":{"@id":"https:\/\/espoonmerenkulkijat.net\/#organization"},"potentialAction":[{"@type":"SearchAction","target":{"@type":"EntryPoint","urlTemplate":"https:\/\/espoonmerenkulkijat.net\/?s={search_term_string}"},"query-input":{"@type":"PropertyValueSpecification","valueRequired":true,"valueName":"search_term_string"}}],"inLanguage":"fi"},{"@type":"Organization","@id":"https:\/\/espoonmerenkulkijat.net\/#organization","name":"Espoon Merenkulkijat ry","url":"https:\/\/espoonmerenkulkijat.net\/","logo":{"@type":"ImageObject","inLanguage":"fi","@id":"https:\/\/espoonmerenkulkijat.net\/#\/schema\/logo\/image\/","url":"https:\/\/espoonmerenkulkijat.net\/wp-content\/uploads\/2023\/01\/cropped-EM_50_juhlalogo_320x320.png","contentUrl":"https:\/\/espoonmerenkulkijat.net\/wp-content\/uploads\/2023\/01\/cropped-EM_50_juhlalogo_320x320.png","width":320,"height":320,"caption":"Espoon Merenkulkijat ry"},"image":{"@id":"https:\/\/espoonmerenkulkijat.net\/#\/schema\/logo\/image\/"}},{"@type":"Person","@id":"https:\/\/espoonmerenkulkijat.net\/#\/schema\/person\/835e7139a3fb934a9f66e7712054ff7b","name":"Anna-Mari Laitila","image":{"@type":"ImageObject","inLanguage":"fi","@id":"https:\/\/secure.gravatar.com\/avatar\/8a16f7a3b283d4d8615ee0857461577e0fd9e6b94b97fa1dd948f2b23c73a396?s=96&d=mm&r=g","url":"https:\/\/secure.gravatar.com\/avatar\/8a16f7a3b283d4d8615ee0857461577e0fd9e6b94b97fa1dd948f2b23c73a396?s=96&d=mm&r=g","contentUrl":"https:\/\/secure.gravatar.com\/avatar\/8a16f7a3b283d4d8615ee0857461577e0fd9e6b94b97fa1dd948f2b23c73a396?s=96&d=mm&r=g","caption":"Anna-Mari Laitila"},"url":"https:\/\/espoonmerenkulkijat.net\/index.php\/author\/mari\/"}]}},"_links":{"self":[{"href":"https:\/\/espoonmerenkulkijat.net\/index.php\/wp-json\/wp\/v2\/posts\/2220","targetHints":{"allow":["GET"]}}],"collection":[{"href":"https:\/\/espoonmerenkulkijat.net\/index.php\/wp-json\/wp\/v2\/posts"}],"about":[{"href":"https:\/\/espoonmerenkulkijat.net\/index.php\/wp-json\/wp\/v2\/types\/post"}],"author":[{"embeddable":true,"href":"https:\/\/espoonmerenkulkijat.net\/index.php\/wp-json\/wp\/v2\/users\/3"}],"replies":[{"embeddable":true,"href":"https:\/\/espoonmerenkulkijat.net\/index.php\/wp-json\/wp\/v2\/comments?post=2220"}],"version-history":[{"count":4,"href":"https:\/\/espoonmerenkulkijat.net\/index.php\/wp-json\/wp\/v2\/posts\/2220\/revisions"}],"predecessor-version":[{"id":2227,"href":"https:\/\/espoonmerenkulkijat.net\/index.php\/wp-json\/wp\/v2\/posts\/2220\/revisions\/2227"}],"wp:featuredmedia":[{"embeddable":true,"href":"https:\/\/espoonmerenkulkijat.net\/index.php\/wp-json\/wp\/v2\/media\/2221"}],"wp:attachment":[{"href":"https:\/\/espoonmerenkulkijat.net\/index.php\/wp-json\/wp\/v2\/media?parent=2220"}],"wp:term":[{"taxonomy":"category","embeddable":true,"href":"https:\/\/espoonmerenkulkijat.net\/index.php\/wp-json\/wp\/v2\/categories?post=2220"},{"taxonomy":"post_tag","embeddable":true,"href":"https:\/\/espoonmerenkulkijat.net\/index.php\/wp-json\/wp\/v2\/tags?post=2220"}],"curies":[{"name":"wp","href":"https:\/\/api.w.org\/{rel}","templated":true}]}}