{"id":580,"date":"2020-07-22T10:57:46","date_gmt":"2020-07-22T07:57:46","guid":{"rendered":"https:\/\/espoonmerenkulkijat.net\/?p=580"},"modified":"2020-09-11T13:52:17","modified_gmt":"2020-09-11T10:52:17","slug":"seuramme-purjehduskilpailut-elo-ja-syyskuussa","status":"publish","type":"post","link":"https:\/\/espoonmerenkulkijat.net\/index.php\/2020\/07\/22\/seuramme-purjehduskilpailut-elo-ja-syyskuussa\/","title":{"rendered":"Seuramme purjehduskilpailut elo- ja syyskuussa"},"content":{"rendered":"\n<p>Elo-syyskuu on EM:n purjehdusjaoston aktiivisinta aikaa. J\u00e4rjest\u00e4mme elokuussa kaksi keskivikkokilpailuiden osakilpailua (ke 5. ja 12.8.) ja sunnuntaina 23.8. Pentala &#8211; Nokkala -kilpailun. Syyskussa on viel\u00e4 seuran mestaruuskisat (la 12.9.).&nbsp;<\/p>\n\n\n\n<p>Kannustamme kaikkia osallistumaan mahdollisiman paljon kilpailuihin!&nbsp;<\/p>\n\n\n\n<p>Jos et p\u00e4\u00e4se starttilinjalle, niin my\u00f6s <strong>kilpailuiden j\u00e4rjest\u00e4minen<\/strong> on mielenkiintoista ja mukavaa puuhaa ja siihen aina tarvitaankin muutamia henkil\u00f6it\u00e4 esim. l\u00e4hd\u00f6n ja maaliintulon hoitamiseen. Nykyisten aktiivien m\u00e4\u00e4r\u00e4 on varsin pieni, joten uusia otetaan eritt\u00e4in mielell\u00e4\u00e4n mukaan. Ota yhteytt\u00e4 kilpailup\u00e4\u00e4llikk\u00f6\u00f6n jos olet kiinnostunut osallistumaan j\u00e4rjestelyihin. Seura my\u00f6s kustantaa SPV:n kilpailuj\u00e4rjest\u00e4j\u00e4kurssin halukkaille jos aiheeseen on intoa perehty\u00e4 enemm\u00e4nkin. <\/p>\n","protected":false},"excerpt":{"rendered":"<p>Elo-syyskuu on EM:n purjehdusjaoston aktiivisinta aikaa. J\u00e4rjest\u00e4mme elokuussa kaksi keskivikkokilpailuiden osakilpailua (ke 5. ja 12.8.) ja sunnuntaina 23.8. Pentala &#8211; Nokkala -kilpailun. Syyskussa on viel\u00e4 seuran mestaruuskisat (la 12.9.).&nbsp; Kannustamme [&hellip;]<\/p>\n","protected":false},"author":4,"featured_media":0,"comment_status":"closed","ping_status":"open","sticky":false,"template":"","format":"standard","meta":{"site-sidebar-layout":"default","site-content-layout":"default","ast-site-content-layout":"default","site-content-style":"default","site-sidebar-style":"default","ast-global-header-display":"","ast-banner-title-visibility":"","ast-main-header-display":"","ast-hfb-above-header-display":"","ast-hfb-below-header-display":"","ast-hfb-mobile-header-display":"","site-post-title":"","ast-breadcrumbs-content":"","ast-featured-img":"","footer-sml-layout":"","ast-disable-related-posts":"","theme-transparent-header-meta":"default","adv-header-id-meta":"","stick-header-meta":"","header-above-stick-meta":"","header-main-stick-meta":"","header-below-stick-meta":"","astra-migrate-meta-layouts":"default","ast-page-background-enabled":"default","ast-page-background-meta":{"desktop":{"background-color":"","background-image":"","background-repeat":"repeat","background-position":"center center","background-size":"auto","background-attachment":"scroll","background-type":"","background-media":"","overlay-type":"","overlay-color":"","overlay-opacity":"","overlay-gradient":""},"tablet":{"background-color":"","background-image":"","background-repeat":"repeat","background-position":"center center","background-size":"auto","background-attachment":"scroll","background-type":"","background-media":"","overlay-type":"","overlay-color":"","overlay-opacity":"","overlay-gradient":""},"mobile":{"background-color":"","background-image":"","background-repeat":"repeat","background-position":"center center","background-size":"auto","background-attachment":"scroll","background-type":"","background-media":"","overlay-type":"","overlay-color":"","overlay-opacity":"","overlay-gradient":""}},"ast-content-background-meta":{"desktop":{"background-color":"var(--ast-global-color-5)","background-image":"","background-repeat":"repeat","background-position":"center center","background-size":"auto","background-attachment":"scroll","background-type":"","background-media":"","overlay-type":"","overlay-color":"","overlay-opacity":"","overlay-gradient":""},"tablet":{"background-color":"var(--ast-global-color-5)","background-image":"","background-repeat":"repeat","background-position":"center center","background-size":"auto","background-attachment":"scroll","background-type":"","background-media":"","overlay-type":"","overlay-color":"","overlay-opacity":"","overlay-gradient":""},"mobile":{"background-color":"var(--ast-global-color-5)","background-image":"","background-repeat":"repeat","background-position":"center center","background-size":"auto","background-attachment":"scroll","background-type":"","background-media":"","overlay-type":"","overlay-color":"","overlay-opacity":"","overlay-gradient":""}},"footnotes":""},"categories":[14],"tags":[],"class_list":["post-580","post","type-post","status-publish","format-standard","hentry","category-purjehdus"],"yoast_head":"<!-- This site is optimized with the Yoast SEO plugin v27.3 - https:\/\/yoast.com\/product\/yoast-seo-wordpress\/ -->\n<title>Seuramme purjehduskilpailut elo- ja syyskuussa - Espoon Merenkulkijat ry<\/title>\n<meta name=\"robots\" content=\"index, follow, max-snippet:-1, max-image-preview:large, max-video-preview:-1\" \/>\n<link rel=\"canonical\" href=\"https:\/\/espoonmerenkulkijat.net\/index.php\/2020\/07\/22\/seuramme-purjehduskilpailut-elo-ja-syyskuussa\/\" \/>\n<meta property=\"og:locale\" content=\"fi_FI\" \/>\n<meta property=\"og:type\" content=\"article\" \/>\n<meta property=\"og:title\" content=\"Seuramme purjehduskilpailut elo- ja syyskuussa - Espoon Merenkulkijat ry\" \/>\n<meta property=\"og:description\" content=\"Elo-syyskuu on EM:n purjehdusjaoston aktiivisinta aikaa. J\u00e4rjest\u00e4mme elokuussa kaksi keskivikkokilpailuiden osakilpailua (ke 5. ja 12.8.) ja sunnuntaina 23.8. Pentala &#8211; Nokkala -kilpailun. Syyskussa on viel\u00e4 seuran mestaruuskisat (la 12.9.).&nbsp; Kannustamme [&hellip;]\" \/>\n<meta property=\"og:url\" content=\"https:\/\/espoonmerenkulkijat.net\/index.php\/2020\/07\/22\/seuramme-purjehduskilpailut-elo-ja-syyskuussa\/\" \/>\n<meta property=\"og:site_name\" content=\"Espoon Merenkulkijat ry\" \/>\n<meta property=\"article:published_time\" content=\"2020-07-22T07:57:46+00:00\" \/>\n<meta property=\"article:modified_time\" content=\"2020-09-11T10:52:17+00:00\" \/>\n<meta name=\"author\" content=\"Tommi Vihavainen\" \/>\n<meta name=\"twitter:card\" content=\"summary_large_image\" \/>\n<meta name=\"twitter:label1\" content=\"Kirjoittanut\" \/>\n\t<meta name=\"twitter:data1\" content=\"Tommi Vihavainen\" \/>\n\t<meta name=\"twitter:label2\" content=\"Arvioitu lukuaika\" \/>\n\t<meta name=\"twitter:data2\" content=\"1 minuutti\" \/>\n<script type=\"application\/ld+json\" class=\"yoast-schema-graph\">{\"@context\":\"https:\\\/\\\/schema.org\",\"@graph\":[{\"@type\":\"Article\",\"@id\":\"https:\\\/\\\/espoonmerenkulkijat.net\\\/index.php\\\/2020\\\/07\\\/22\\\/seuramme-purjehduskilpailut-elo-ja-syyskuussa\\\/#article\",\"isPartOf\":{\"@id\":\"https:\\\/\\\/espoonmerenkulkijat.net\\\/index.php\\\/2020\\\/07\\\/22\\\/seuramme-purjehduskilpailut-elo-ja-syyskuussa\\\/\"},\"author\":{\"name\":\"Tommi Vihavainen\",\"@id\":\"https:\\\/\\\/espoonmerenkulkijat.net\\\/#\\\/schema\\\/person\\\/507879e84509e9e01f6bfe40ea152053\"},\"headline\":\"Seuramme purjehduskilpailut elo- ja syyskuussa\",\"datePublished\":\"2020-07-22T07:57:46+00:00\",\"dateModified\":\"2020-09-11T10:52:17+00:00\",\"mainEntityOfPage\":{\"@id\":\"https:\\\/\\\/espoonmerenkulkijat.net\\\/index.php\\\/2020\\\/07\\\/22\\\/seuramme-purjehduskilpailut-elo-ja-syyskuussa\\\/\"},\"wordCount\":116,\"publisher\":{\"@id\":\"https:\\\/\\\/espoonmerenkulkijat.net\\\/#organization\"},\"articleSection\":[\"Purjehdus\"],\"inLanguage\":\"fi\"},{\"@type\":\"WebPage\",\"@id\":\"https:\\\/\\\/espoonmerenkulkijat.net\\\/index.php\\\/2020\\\/07\\\/22\\\/seuramme-purjehduskilpailut-elo-ja-syyskuussa\\\/\",\"url\":\"https:\\\/\\\/espoonmerenkulkijat.net\\\/index.php\\\/2020\\\/07\\\/22\\\/seuramme-purjehduskilpailut-elo-ja-syyskuussa\\\/\",\"name\":\"Seuramme purjehduskilpailut elo- ja syyskuussa - Espoon Merenkulkijat ry\",\"isPartOf\":{\"@id\":\"https:\\\/\\\/espoonmerenkulkijat.net\\\/#website\"},\"datePublished\":\"2020-07-22T07:57:46+00:00\",\"dateModified\":\"2020-09-11T10:52:17+00:00\",\"breadcrumb\":{\"@id\":\"https:\\\/\\\/espoonmerenkulkijat.net\\\/index.php\\\/2020\\\/07\\\/22\\\/seuramme-purjehduskilpailut-elo-ja-syyskuussa\\\/#breadcrumb\"},\"inLanguage\":\"fi\",\"potentialAction\":[{\"@type\":\"ReadAction\",\"target\":[\"https:\\\/\\\/espoonmerenkulkijat.net\\\/index.php\\\/2020\\\/07\\\/22\\\/seuramme-purjehduskilpailut-elo-ja-syyskuussa\\\/\"]}]},{\"@type\":\"BreadcrumbList\",\"@id\":\"https:\\\/\\\/espoonmerenkulkijat.net\\\/index.php\\\/2020\\\/07\\\/22\\\/seuramme-purjehduskilpailut-elo-ja-syyskuussa\\\/#breadcrumb\",\"itemListElement\":[{\"@type\":\"ListItem\",\"position\":1,\"name\":\"Etusivu\",\"item\":\"https:\\\/\\\/espoonmerenkulkijat.net\\\/\"},{\"@type\":\"ListItem\",\"position\":2,\"name\":\"Seuramme purjehduskilpailut elo- ja syyskuussa\"}]},{\"@type\":\"WebSite\",\"@id\":\"https:\\\/\\\/espoonmerenkulkijat.net\\\/#website\",\"url\":\"https:\\\/\\\/espoonmerenkulkijat.net\\\/\",\"name\":\"Espoon Merenkulkijat ry\",\"description\":\"\",\"publisher\":{\"@id\":\"https:\\\/\\\/espoonmerenkulkijat.net\\\/#organization\"},\"potentialAction\":[{\"@type\":\"SearchAction\",\"target\":{\"@type\":\"EntryPoint\",\"urlTemplate\":\"https:\\\/\\\/espoonmerenkulkijat.net\\\/?s={search_term_string}\"},\"query-input\":{\"@type\":\"PropertyValueSpecification\",\"valueRequired\":true,\"valueName\":\"search_term_string\"}}],\"inLanguage\":\"fi\"},{\"@type\":\"Organization\",\"@id\":\"https:\\\/\\\/espoonmerenkulkijat.net\\\/#organization\",\"name\":\"Espoon Merenkulkijat ry\",\"url\":\"https:\\\/\\\/espoonmerenkulkijat.net\\\/\",\"logo\":{\"@type\":\"ImageObject\",\"inLanguage\":\"fi\",\"@id\":\"https:\\\/\\\/espoonmerenkulkijat.net\\\/#\\\/schema\\\/logo\\\/image\\\/\",\"url\":\"https:\\\/\\\/espoonmerenkulkijat.net\\\/wp-content\\\/uploads\\\/2023\\\/01\\\/cropped-EM_50_juhlalogo_320x320.png\",\"contentUrl\":\"https:\\\/\\\/espoonmerenkulkijat.net\\\/wp-content\\\/uploads\\\/2023\\\/01\\\/cropped-EM_50_juhlalogo_320x320.png\",\"width\":320,\"height\":320,\"caption\":\"Espoon Merenkulkijat ry\"},\"image\":{\"@id\":\"https:\\\/\\\/espoonmerenkulkijat.net\\\/#\\\/schema\\\/logo\\\/image\\\/\"}},{\"@type\":\"Person\",\"@id\":\"https:\\\/\\\/espoonmerenkulkijat.net\\\/#\\\/schema\\\/person\\\/507879e84509e9e01f6bfe40ea152053\",\"name\":\"Tommi Vihavainen\",\"image\":{\"@type\":\"ImageObject\",\"inLanguage\":\"fi\",\"@id\":\"https:\\\/\\\/secure.gravatar.com\\\/avatar\\\/0129005a14e6400c23b7fca7456f88d7f23ed956a0c4e8376992d1cf798ded36?s=96&d=mm&r=g\",\"url\":\"https:\\\/\\\/secure.gravatar.com\\\/avatar\\\/0129005a14e6400c23b7fca7456f88d7f23ed956a0c4e8376992d1cf798ded36?s=96&d=mm&r=g\",\"contentUrl\":\"https:\\\/\\\/secure.gravatar.com\\\/avatar\\\/0129005a14e6400c23b7fca7456f88d7f23ed956a0c4e8376992d1cf798ded36?s=96&d=mm&r=g\",\"caption\":\"Tommi Vihavainen\"},\"url\":\"https:\\\/\\\/espoonmerenkulkijat.net\\\/index.php\\\/author\\\/tommi\\\/\"}]}<\/script>\n<!-- \/ Yoast SEO plugin. -->","yoast_head_json":{"title":"Seuramme purjehduskilpailut elo- ja syyskuussa - Espoon Merenkulkijat ry","robots":{"index":"index","follow":"follow","max-snippet":"max-snippet:-1","max-image-preview":"max-image-preview:large","max-video-preview":"max-video-preview:-1"},"canonical":"https:\/\/espoonmerenkulkijat.net\/index.php\/2020\/07\/22\/seuramme-purjehduskilpailut-elo-ja-syyskuussa\/","og_locale":"fi_FI","og_type":"article","og_title":"Seuramme purjehduskilpailut elo- ja syyskuussa - Espoon Merenkulkijat ry","og_description":"Elo-syyskuu on EM:n purjehdusjaoston aktiivisinta aikaa. J\u00e4rjest\u00e4mme elokuussa kaksi keskivikkokilpailuiden osakilpailua (ke 5. ja 12.8.) ja sunnuntaina 23.8. Pentala &#8211; Nokkala -kilpailun. Syyskussa on viel\u00e4 seuran mestaruuskisat (la 12.9.).&nbsp; Kannustamme [&hellip;]","og_url":"https:\/\/espoonmerenkulkijat.net\/index.php\/2020\/07\/22\/seuramme-purjehduskilpailut-elo-ja-syyskuussa\/","og_site_name":"Espoon Merenkulkijat ry","article_published_time":"2020-07-22T07:57:46+00:00","article_modified_time":"2020-09-11T10:52:17+00:00","author":"Tommi Vihavainen","twitter_card":"summary_large_image","twitter_misc":{"Kirjoittanut":"Tommi Vihavainen","Arvioitu lukuaika":"1 minuutti"},"schema":{"@context":"https:\/\/schema.org","@graph":[{"@type":"Article","@id":"https:\/\/espoonmerenkulkijat.net\/index.php\/2020\/07\/22\/seuramme-purjehduskilpailut-elo-ja-syyskuussa\/#article","isPartOf":{"@id":"https:\/\/espoonmerenkulkijat.net\/index.php\/2020\/07\/22\/seuramme-purjehduskilpailut-elo-ja-syyskuussa\/"},"author":{"name":"Tommi Vihavainen","@id":"https:\/\/espoonmerenkulkijat.net\/#\/schema\/person\/507879e84509e9e01f6bfe40ea152053"},"headline":"Seuramme purjehduskilpailut elo- ja syyskuussa","datePublished":"2020-07-22T07:57:46+00:00","dateModified":"2020-09-11T10:52:17+00:00","mainEntityOfPage":{"@id":"https:\/\/espoonmerenkulkijat.net\/index.php\/2020\/07\/22\/seuramme-purjehduskilpailut-elo-ja-syyskuussa\/"},"wordCount":116,"publisher":{"@id":"https:\/\/espoonmerenkulkijat.net\/#organization"},"articleSection":["Purjehdus"],"inLanguage":"fi"},{"@type":"WebPage","@id":"https:\/\/espoonmerenkulkijat.net\/index.php\/2020\/07\/22\/seuramme-purjehduskilpailut-elo-ja-syyskuussa\/","url":"https:\/\/espoonmerenkulkijat.net\/index.php\/2020\/07\/22\/seuramme-purjehduskilpailut-elo-ja-syyskuussa\/","name":"Seuramme purjehduskilpailut elo- ja syyskuussa - Espoon Merenkulkijat ry","isPartOf":{"@id":"https:\/\/espoonmerenkulkijat.net\/#website"},"datePublished":"2020-07-22T07:57:46+00:00","dateModified":"2020-09-11T10:52:17+00:00","breadcrumb":{"@id":"https:\/\/espoonmerenkulkijat.net\/index.php\/2020\/07\/22\/seuramme-purjehduskilpailut-elo-ja-syyskuussa\/#breadcrumb"},"inLanguage":"fi","potentialAction":[{"@type":"ReadAction","target":["https:\/\/espoonmerenkulkijat.net\/index.php\/2020\/07\/22\/seuramme-purjehduskilpailut-elo-ja-syyskuussa\/"]}]},{"@type":"BreadcrumbList","@id":"https:\/\/espoonmerenkulkijat.net\/index.php\/2020\/07\/22\/seuramme-purjehduskilpailut-elo-ja-syyskuussa\/#breadcrumb","itemListElement":[{"@type":"ListItem","position":1,"name":"Etusivu","item":"https:\/\/espoonmerenkulkijat.net\/"},{"@type":"ListItem","position":2,"name":"Seuramme purjehduskilpailut elo- ja syyskuussa"}]},{"@type":"WebSite","@id":"https:\/\/espoonmerenkulkijat.net\/#website","url":"https:\/\/espoonmerenkulkijat.net\/","name":"Espoon Merenkulkijat ry","description":"","publisher":{"@id":"https:\/\/espoonmerenkulkijat.net\/#organization"},"potentialAction":[{"@type":"SearchAction","target":{"@type":"EntryPoint","urlTemplate":"https:\/\/espoonmerenkulkijat.net\/?s={search_term_string}"},"query-input":{"@type":"PropertyValueSpecification","valueRequired":true,"valueName":"search_term_string"}}],"inLanguage":"fi"},{"@type":"Organization","@id":"https:\/\/espoonmerenkulkijat.net\/#organization","name":"Espoon Merenkulkijat ry","url":"https:\/\/espoonmerenkulkijat.net\/","logo":{"@type":"ImageObject","inLanguage":"fi","@id":"https:\/\/espoonmerenkulkijat.net\/#\/schema\/logo\/image\/","url":"https:\/\/espoonmerenkulkijat.net\/wp-content\/uploads\/2023\/01\/cropped-EM_50_juhlalogo_320x320.png","contentUrl":"https:\/\/espoonmerenkulkijat.net\/wp-content\/uploads\/2023\/01\/cropped-EM_50_juhlalogo_320x320.png","width":320,"height":320,"caption":"Espoon Merenkulkijat ry"},"image":{"@id":"https:\/\/espoonmerenkulkijat.net\/#\/schema\/logo\/image\/"}},{"@type":"Person","@id":"https:\/\/espoonmerenkulkijat.net\/#\/schema\/person\/507879e84509e9e01f6bfe40ea152053","name":"Tommi Vihavainen","image":{"@type":"ImageObject","inLanguage":"fi","@id":"https:\/\/secure.gravatar.com\/avatar\/0129005a14e6400c23b7fca7456f88d7f23ed956a0c4e8376992d1cf798ded36?s=96&d=mm&r=g","url":"https:\/\/secure.gravatar.com\/avatar\/0129005a14e6400c23b7fca7456f88d7f23ed956a0c4e8376992d1cf798ded36?s=96&d=mm&r=g","contentUrl":"https:\/\/secure.gravatar.com\/avatar\/0129005a14e6400c23b7fca7456f88d7f23ed956a0c4e8376992d1cf798ded36?s=96&d=mm&r=g","caption":"Tommi Vihavainen"},"url":"https:\/\/espoonmerenkulkijat.net\/index.php\/author\/tommi\/"}]}},"_links":{"self":[{"href":"https:\/\/espoonmerenkulkijat.net\/index.php\/wp-json\/wp\/v2\/posts\/580","targetHints":{"allow":["GET"]}}],"collection":[{"href":"https:\/\/espoonmerenkulkijat.net\/index.php\/wp-json\/wp\/v2\/posts"}],"about":[{"href":"https:\/\/espoonmerenkulkijat.net\/index.php\/wp-json\/wp\/v2\/types\/post"}],"author":[{"embeddable":true,"href":"https:\/\/espoonmerenkulkijat.net\/index.php\/wp-json\/wp\/v2\/users\/4"}],"replies":[{"embeddable":true,"href":"https:\/\/espoonmerenkulkijat.net\/index.php\/wp-json\/wp\/v2\/comments?post=580"}],"version-history":[{"count":1,"href":"https:\/\/espoonmerenkulkijat.net\/index.php\/wp-json\/wp\/v2\/posts\/580\/revisions"}],"predecessor-version":[{"id":581,"href":"https:\/\/espoonmerenkulkijat.net\/index.php\/wp-json\/wp\/v2\/posts\/580\/revisions\/581"}],"wp:attachment":[{"href":"https:\/\/espoonmerenkulkijat.net\/index.php\/wp-json\/wp\/v2\/media?parent=580"}],"wp:term":[{"taxonomy":"category","embeddable":true,"href":"https:\/\/espoonmerenkulkijat.net\/index.php\/wp-json\/wp\/v2\/categories?post=580"},{"taxonomy":"post_tag","embeddable":true,"href":"https:\/\/espoonmerenkulkijat.net\/index.php\/wp-json\/wp\/v2\/tags?post=580"}],"curies":[{"name":"wp","href":"https:\/\/api.w.org\/{rel}","templated":true}]}}